{"id":2060,"date":"2026-09-02T00:03:00","date_gmt":"2026-09-02T00:03:00","guid":{"rendered":"https:\/\/www.laltroscatto.it\/?p=2060"},"modified":"2026-09-03T08:24:35","modified_gmt":"2026-09-03T08:24:35","slug":"laltro-scatto-incontra-emanuele-giacomini-nellambito-della-rassegna-salotto-fotografico","status":"publish","type":"post","link":"https:\/\/www.laltroscatto.it\/?p=2060","title":{"rendered":"L&#8217;Altro Scatto incontra Emanuele Giacomini nell&#8217;ambito del &#8220;Salotto fotografico&#8221;, 29\/09\/26 21:00"},"content":{"rendered":"\n<p><\/p>\n\n\n\n<p>Il circolo fotografico L&#8217;Altro Scatto ospita marted\u00ec <strong>29 settembre 2026<\/strong> alle ore 21:00, nell\u2019ambito della rassegna \u201cSalotto fotografico\u201d, il fotografo documentarista&nbsp;<strong>Emanuele Giacomini<\/strong>, che presenter\u00e0 il suo progetto&nbsp;<em>La Benedizione di Zo \u2013 Luce sul Vodun<\/em>. <\/p>\n\n\n\n<p>Il libro nasce dal lavoro documentario realizzato da Giacomini in&nbsp;Benin&nbsp;e propone un racconto del Vodun lontano dagli stereotipi e dall\u2019immaginario esotico con cui questa tradizione religiosa \u00e8 stata spesso rappresentata in Occidente. <\/p>\n\n\n\n<p>Attraverso fotografie, testi e disegni, il progetto restituisce invece la dimensione spirituale, sociale e quotidiana di una cultura profondamente radicata nella societ\u00e0 beninese. <\/p>\n\n\n\n<p>Il racconto attraversa cerimonie, rituali, luoghi sacri e momenti della vita delle comunit\u00e0, mettendo al centro le persone e il loro rapporto con una tradizione ancora viva. <\/p>\n\n\n\n<p>Il volume \u00e8 realizzato insieme a&nbsp;Niccol\u00f2 Canulli, co-autore e autore dei testi e dei disegni che accompagnano il racconto fotografico. Il progetto si arricchisce inoltre di una dimensione audiovisiva grazie ai video di&nbsp;Giulio Calarco, accessibili attraverso QR code inseriti nelle pagine del libro. <\/p>\n\n\n\n<p>Tra i temi affrontati anche quello dell\u2019albinismo, attraverso il racconto delle discriminazioni e delle false credenze che ancora interessano alcune comunit\u00e0 dell\u2019Africa occidentale e dei percorsi di inclusione intrapresi dalle persone che ne sono vittime. La prefazione del volume \u00e8 firmata dal fotografo&nbsp;Valerio Bispuri.<\/p>\n\n\n\n<p>L\u2019incontro con Giacomini sar\u00e0 l\u2019occasione per conoscere non soltanto un libro, ma soprattutto il percorso umano e fotografico che lo ha generato: un lavoro nel quale la fotografia diventa strumento di ascolto e conoscenza, capace di avvicinare il pubblico a realt\u00e0 lontane senza trasformarla in semplice immaginario esotico.<\/p>\n\n\n\n<p class=\"has-text-align-center\">* * *<\/p>\n\n\n\n<p><strong>Emanuele Giacomini<\/strong> \u00e8 un fotografo documentarista italiano. Il suo lavoro indaga comunit\u00e0, rituali, identit\u00e0 e trasformazioni sociali attraverso progetti realizzati in Italia e all\u2019estero, con esperienze significative in India e in Africa occidentale. E\u2019 autore dei libri fotografici&nbsp;<em>Fenditure<\/em>,&nbsp;<em>Il fiume della luce<\/em>&nbsp;e&nbsp;<em>La Benedizione di Zo \u2013 Luce sul Vodun<\/em>. Collabora con l\u2019agenzia fotografica Hans Lucas.<\/p>\n\n\n\n<p>Sito:&nbsp;<a href=\"http:\/\/www.emanuelegiacomini.com\/\">www.emanuelegiacomini.com<\/a><br>Instagram:&nbsp;@flight_of_light_<\/p>\n\n\n\n<figure class=\"wp-block-image size-large\"><img decoding=\"async\" loading=\"lazy\" width=\"683\" height=\"1024\" src=\"https:\/\/www.laltroscatto.it\/wp-content\/uploads\/2026\/09\/Emanuele-Giacomini-683x1024.jpg\" alt=\"\" class=\"wp-image-2061\" srcset=\"https:\/\/www.laltroscatto.it\/wp-content\/uploads\/2026\/09\/Emanuele-Giacomini-683x1024.jpg 683w, https:\/\/www.laltroscatto.it\/wp-content\/uploads\/2026\/09\/Emanuele-Giacomini-200x300.jpg 200w, https:\/\/www.laltroscatto.it\/wp-content\/uploads\/2026\/09\/Emanuele-Giacomini-768x1152.jpg 768w, https:\/\/www.laltroscatto.it\/wp-content\/uploads\/2026\/09\/Emanuele-Giacomini-1024x1536.jpg 1024w, https:\/\/www.laltroscatto.it\/wp-content\/uploads\/2026\/09\/Emanuele-Giacomini-1366x2048.jpg 1366w, https:\/\/www.laltroscatto.it\/wp-content\/uploads\/2026\/09\/Emanuele-Giacomini-1200x1800.jpg 1200w, https:\/\/www.laltroscatto.it\/wp-content\/uploads\/2026\/09\/Emanuele-Giacomini-scaled.jpg 1707w\" sizes=\"(max-width: 709px) 85vw, (max-width: 909px) 67vw, (max-width: 984px) 61vw, (max-width: 1362px) 45vw, 600px\" \/><figcaption class=\"wp-element-caption\">Emanuele Giacomini<\/figcaption><\/figure>\n","protected":false},"excerpt":{"rendered":"<p>Il circolo fotografico L&#8217;Altro Scatto ospita marted\u00ec 29 settembre 2026 alle ore 21:00, nell\u2019ambito della rassegna \u201cSalotto fotografico\u201d, il fotografo documentarista&nbsp;Emanuele Giacomini, che presenter\u00e0 il suo progetto&nbsp;La Benedizione di Zo \u2013 Luce sul Vodun. Il libro nasce dal lavoro documentario realizzato da Giacomini in&nbsp;Benin&nbsp;e propone un racconto del Vodun lontano dagli stereotipi e dall\u2019immaginario esotico &hellip; <a href=\"https:\/\/www.laltroscatto.it\/?p=2060\" class=\"more-link\">Leggi tutto<span class=\"screen-reader-text\"> &#8220;L&#8217;Altro Scatto incontra Emanuele Giacomini nell&#8217;ambito del &#8220;Salotto fotografico&#8221;, 29\/09\/26 21:00&#8243;<\/span><\/a><\/p>\n","protected":false},"author":1,"featured_media":0,"comment_status":"open","ping_status":"open","sticky":false,"template":"","format":"standard","meta":[],"categories":[8],"tags":[56,45,55],"_links":{"self":[{"href":"https:\/\/www.laltroscatto.it\/index.php?rest_route=\/wp\/v2\/posts\/2060"}],"collection":[{"href":"https:\/\/www.laltroscatto.it\/index.php?rest_route=\/wp\/v2\/posts"}],"about":[{"href":"https:\/\/www.laltroscatto.it\/index.php?rest_route=\/wp\/v2\/types\/post"}],"author":[{"embeddable":true,"href":"https:\/\/www.laltroscatto.it\/index.php?rest_route=\/wp\/v2\/users\/1"}],"replies":[{"embeddable":true,"href":"https:\/\/www.laltroscatto.it\/index.php?rest_route=%2Fwp%2Fv2%2Fcomments&post=2060"}],"version-history":[{"count":4,"href":"https:\/\/www.laltroscatto.it\/index.php?rest_route=\/wp\/v2\/posts\/2060\/revisions"}],"predecessor-version":[{"id":2070,"href":"https:\/\/www.laltroscatto.it\/index.php?rest_route=\/wp\/v2\/posts\/2060\/revisions\/2070"}],"wp:attachment":[{"href":"https:\/\/www.laltroscatto.it\/index.php?rest_route=%2Fwp%2Fv2%2Fmedia&parent=2060"}],"wp:term":[{"taxonomy":"category","embeddable":true,"href":"https:\/\/www.laltroscatto.it\/index.php?rest_route=%2Fwp%2Fv2%2Fcategories&post=2060"},{"taxonomy":"post_tag","embeddable":true,"href":"https:\/\/www.laltroscatto.it\/index.php?rest_route=%2Fwp%2Fv2%2Ftags&post=2060"}],"curies":[{"name":"wp","href":"https:\/\/api.w.org\/{rel}","templated":true}]}}