{"id":2052,"date":"2026-09-02T00:00:28","date_gmt":"2026-09-02T00:00:28","guid":{"rendered":"https:\/\/www.laltroscatto.it\/?p=2052"},"modified":"2026-09-02T18:29:01","modified_gmt":"2026-09-02T18:29:01","slug":"agrosfera-storia-di-trazione-e-innovazione-il-progetto-fotografico-nazionale-promosso-dalla-fiaf-federazione-italiana-associazioni-fotografiche","status":"publish","type":"post","link":"https:\/\/www.laltroscatto.it\/?p=2052","title":{"rendered":"\u201cAGROSFERA &#8211; Storia di trazione e innovazione\u201d, il progetto fotografico nazionale promosso dalla FIAF &#8211; Federazione Italiana Associazioni Fotografiche"},"content":{"rendered":"\n<p>\u201cAGROSFERA &#8211; Storia di trazione e innovazione\u201d, il progetto fotografico nazionale promosso dalla FIAF &#8211; Federazione Italiana Associazioni Fotografiche<\/p>\n\n\n\n<p>AGROSFERA &#8211; Storie di tradizione e innovazione \u00e8 il Progetto Fotografico Collettivo Nazionale con cui la FIAF racconta la filiera agroalimentare italiana attraverso le storie delle donne e degli uomini che vi lavorano.<\/p>\n\n\n\n<p>Si tratta di un grande racconto collettivo che, attraverso l&#8217;obiettivo fotografico, indaga a fondo il mondo dell&#8217;agricoltura e dell&#8217;agroalimentare. Il progetto analizza il legame vitale tra uomo, territorio, tradizione, innovazione<\/p>\n\n\n\n<p>Mediante il linguaggio della fotografia, &#8220;AGROSFERA&#8221; vuole essere un invito a riflettere sulle mutazioni del paesaggio agricolo, sul lavoro delle comunit\u00e0 rurali e sulle sfide cruciali che attendono il settore, offrendo una narrazione corale che coniuga memoria e futuro.<\/p>\n\n\n\n<p>Al centro del progetto ci sono le persone: chi coltiva e raccoglie, chi alleva, chi pesca, chi trasforma, chi conserva, chi trasporta, chi vende, chi studia e innova. Attraverso i loro volti, i gesti, gli ambienti di lavoro e il rapporto con il territorio, la fotografia restituisce la dimensione umana della filiera agroalimentare, raccontandone la fatica, la conoscenza, la responsabilit\u00e0 e anche la capacit\u00e0 di cambiamento.<\/p>\n\n\n\n<p>AGROSFERA nasce come progetto collettivo perch\u00e9 la FIAF considera la pluralit\u00e0 degli sguardi uno strumento essenziale per comprendere la realt\u00e0. Ogni autrice, ogni autore, ogni circolo e ogni gruppo fotografico ha sviluppato un proprio lavoro, osservando un frammento di questo vasto universo. Le singole opere, riunite, compongono un racconto nazionale pi\u00f9 ampio, capace di mettere in relazione esperienze, luoghi e situazioni differenti. E questo il significato dei Progetti Nazionali FIAF: trasformare tante voci individuali in un&#8217;unica grande testimonianza collettiva.<\/p>\n\n\n\n<p>Al progetto si sono iscritti 1.064 fotografi da tutta Italia che hanno inviato alla FIAF 18.346 immagini. Gli autori selezionati sono stati 339, con un totale di circa 1850 fotografie, in rappresentanza di 19 Regioni italiane. Gli audiovisivi inviati sono stati 46, prodotti da 55 autori. Numeri che testimoniano l&#8217;ampiezza della partecipazione e la straordinaria ricchezza del lavoro collettivo sviluppato su tutto il territorio nazionale.<\/p>\n\n\n\n<p>La Mostra Nazionale di Bibbiena e le Mostre Locali costituiscono una grande esposizione diffusa. Le Mostre Locali, ben 99, al centro del Progetto, rivestono un&#8217;importanza fondamentale, tracciano una vera e propria mappa del territorio nazionale, restituendone la variet\u00e0 e la specificit\u00e0. Rendono inoltre merito al grande lavoro svolto nei territori da autrici, autori, circoli e gruppi fotografici, valorizzando l&#8217;impegno di chi ha osservato e raccontato dall&#8217;interno le diverse realt\u00e0 locali. Insieme restituiscono la ricchezza del lavoro svolto e permettono al pubblico di conoscere la complessit\u00e0 della filiera agroalimentare italiana attraverso le persone che ogni giorno la rendono viva.<\/p>\n","protected":false},"excerpt":{"rendered":"<p>\u201cAGROSFERA &#8211; Storia di trazione e innovazione\u201d, il progetto fotografico nazionale promosso dalla FIAF &#8211; Federazione Italiana Associazioni Fotografiche AGROSFERA &#8211; Storie di tradizione e innovazione \u00e8 il Progetto Fotografico Collettivo Nazionale con cui la FIAF racconta la filiera agroalimentare italiana attraverso le storie delle donne e degli uomini che vi lavorano. Si tratta di &hellip; <a href=\"https:\/\/www.laltroscatto.it\/?p=2052\" class=\"more-link\">Leggi tutto<span class=\"screen-reader-text\"> &#8220;\u201cAGROSFERA &#8211; Storia di trazione e innovazione\u201d, il progetto fotografico nazionale promosso dalla FIAF &#8211; Federazione Italiana Associazioni Fotografiche&#8221;<\/span><\/a><\/p>\n","protected":false},"author":1,"featured_media":0,"comment_status":"open","ping_status":"open","sticky":false,"template":"","format":"standard","meta":[],"categories":[8],"tags":[49,44,46,45,48,51,47,50],"_links":{"self":[{"href":"https:\/\/www.laltroscatto.it\/index.php?rest_route=\/wp\/v2\/posts\/2052"}],"collection":[{"href":"https:\/\/www.laltroscatto.it\/index.php?rest_route=\/wp\/v2\/posts"}],"about":[{"href":"https:\/\/www.laltroscatto.it\/index.php?rest_route=\/wp\/v2\/types\/post"}],"author":[{"embeddable":true,"href":"https:\/\/www.laltroscatto.it\/index.php?rest_route=\/wp\/v2\/users\/1"}],"replies":[{"embeddable":true,"href":"https:\/\/www.laltroscatto.it\/index.php?rest_route=%2Fwp%2Fv2%2Fcomments&post=2052"}],"version-history":[{"count":1,"href":"https:\/\/www.laltroscatto.it\/index.php?rest_route=\/wp\/v2\/posts\/2052\/revisions"}],"predecessor-version":[{"id":2053,"href":"https:\/\/www.laltroscatto.it\/index.php?rest_route=\/wp\/v2\/posts\/2052\/revisions\/2053"}],"wp:attachment":[{"href":"https:\/\/www.laltroscatto.it\/index.php?rest_route=%2Fwp%2Fv2%2Fmedia&parent=2052"}],"wp:term":[{"taxonomy":"category","embeddable":true,"href":"https:\/\/www.laltroscatto.it\/index.php?rest_route=%2Fwp%2Fv2%2Fcategories&post=2052"},{"taxonomy":"post_tag","embeddable":true,"href":"https:\/\/www.laltroscatto.it\/index.php?rest_route=%2Fwp%2Fv2%2Ftags&post=2052"}],"curies":[{"name":"wp","href":"https:\/\/api.w.org\/{rel}","templated":true}]}}