{"id":2033,"date":"2026-09-02T00:01:03","date_gmt":"2026-09-02T00:01:03","guid":{"rendered":"https:\/\/www.laltroscatto.it\/?p=2033"},"modified":"2026-09-03T08:24:17","modified_gmt":"2026-09-03T08:24:17","slug":"la-vaccheria-il-moderno-e-prestigioso-spazio-espositivo-di-roma-capitale-incastonato-nel-quartiere-delleur-ospita-dal-10-settembre-al-4-ottobre-2026-una-importante-mostra","status":"publish","type":"post","link":"https:\/\/www.laltroscatto.it\/?p=2033","title":{"rendered":"La Vaccheria dell&#8217;Eur ospita 10 settembre al 4 ottobre 2026 una delle molte mostre fotografiche del progetto \u201cAGROSFERA &#8211; Storia di tradizione e innovazione\u201d"},"content":{"rendered":"\n<p><strong>\u201cAGROSFERA \u2013 Storie di Tradizione e Innovazione\u201d \u00e8 un <\/strong><strong>progetto fotografico nazionale promosso dalla FIAF, Federazione Italiana Associazioni Fotografiche. <\/strong>E&#8217; un grande racconto collettivo che attraverso la fotografia ha indagato il mondo dell&#8217;agricoltura e dell&#8217;agroalimentare analizzando il rapporto tra uomo, territorio, tradizione, innovazione e sostenibilit\u00e0. Tema enorme spesso raccontato per clich\u00e9 aulici mentre si \u00e8 cercato di restituire valore al tema del lavoro e attenzione ai temi dei conflitti e delle trasformazioni della filiera, raccontandone il percorso dall\u2019azienda agricola fino al banco della GDO.<\/p>\n\n\n\n<p>Attraverso il linguaggio della fotografia, AGROSFERA vuole essere un invito a riflettere sulle trasformazioni del paesaggio agricolo, sul lavoro delle comunit\u00e0 rurali e sulle sfide che attendono il settore, offrendo una narrazione corale che coniuga memoria e futuro.<\/p>\n\n\n\n<p>La mostra, coordinata da Rocchetta Pantaleo Rizzo \u201cdirettore artistico\u201d del progetto per la FIAF della Regione Lazio, <strong>nasce dalla collaborazione di pi\u00f9 circoli fotografici romani<\/strong> che hanno aderito al progetto e <strong>sar\u00e0 l\u2019occasione per presentare una selezione di immagini singole di autori di tali circoli<\/strong>. Le opere restituiscono uno sguardo contemporaneo sull&#8217;agricoltura italiana, raccontandone il valore umano, culturale, sociale ed economico attraverso linguaggi fotografici differenti e sensibilit\u00e0 autoriali capaci di cogliere la complessit\u00e0 di un settore in continua evoluzione.<\/p>\n\n\n\n<p>Espongono:&nbsp;<strong>Maurizio De Angelis, Maurizio Di Giacomo, Roberto Di Veglia, Luigi Feliziani, Salvatore Franco, Antonio Garavini, Massimo Giannetti, Francesca Romana Lanza, Paolo Loli, Mario Macario, Maria Rosaria Marino, Angelo Mura, Giuseppina Natale, Rocchetta Pantaleo Rizzo, Massimo Pezzanera, Carlo Rampioni, Vincenzo Santoro, Paolo Scrimitore, Aurelio Sidoti e Benedetto Tari<\/strong>.<\/p>\n\n\n\n<p>La mostra sar\u00e0 soltanto una delle tante mostre fotografiche che saranno realizzate nello stesso periodo non solo a Roma, ma anche nel Lazio e in tutto il territorio nazionale, infatti si apriranno&nbsp;150 mostre locali&nbsp;in varie parti d\u2019Italia.<\/p>\n\n\n\n<figure class=\"wp-block-image size-large\"><img decoding=\"async\" loading=\"lazy\" width=\"569\" height=\"1024\" src=\"https:\/\/www.laltroscatto.it\/wp-content\/uploads\/2026\/09\/La-Vaccheria-banner-569x1024.jpg\" alt=\"\" class=\"wp-image-2050\" srcset=\"https:\/\/www.laltroscatto.it\/wp-content\/uploads\/2026\/09\/La-Vaccheria-banner-569x1024.jpg 569w, https:\/\/www.laltroscatto.it\/wp-content\/uploads\/2026\/09\/La-Vaccheria-banner-167x300.jpg 167w, https:\/\/www.laltroscatto.it\/wp-content\/uploads\/2026\/09\/La-Vaccheria-banner.jpg 711w\" sizes=\"(max-width: 569px) 85vw, 569px\" \/><\/figure>\n","protected":false},"excerpt":{"rendered":"<p>\u201cAGROSFERA \u2013 Storie di Tradizione e Innovazione\u201d \u00e8 un progetto fotografico nazionale promosso dalla FIAF, Federazione Italiana Associazioni Fotografiche. E&#8217; un grande racconto collettivo che attraverso la fotografia ha indagato il mondo dell&#8217;agricoltura e dell&#8217;agroalimentare analizzando il rapporto tra uomo, territorio, tradizione, innovazione e sostenibilit\u00e0. Tema enorme spesso raccontato per clich\u00e9 aulici mentre si \u00e8 &hellip; <a href=\"https:\/\/www.laltroscatto.it\/?p=2033\" class=\"more-link\">Leggi tutto<span class=\"screen-reader-text\"> &#8220;La Vaccheria dell&#8217;Eur ospita 10 settembre al 4 ottobre 2026 una delle molte mostre fotografiche del progetto \u201cAGROSFERA &#8211; Storia di tradizione e innovazione\u201d&#8221;<\/span><\/a><\/p>\n","protected":false},"author":1,"featured_media":0,"comment_status":"open","ping_status":"open","sticky":false,"template":"","format":"standard","meta":[],"categories":[8],"tags":[49,44,46,45,52,48,51,47,50],"_links":{"self":[{"href":"https:\/\/www.laltroscatto.it\/index.php?rest_route=\/wp\/v2\/posts\/2033"}],"collection":[{"href":"https:\/\/www.laltroscatto.it\/index.php?rest_route=\/wp\/v2\/posts"}],"about":[{"href":"https:\/\/www.laltroscatto.it\/index.php?rest_route=\/wp\/v2\/types\/post"}],"author":[{"embeddable":true,"href":"https:\/\/www.laltroscatto.it\/index.php?rest_route=\/wp\/v2\/users\/1"}],"replies":[{"embeddable":true,"href":"https:\/\/www.laltroscatto.it\/index.php?rest_route=%2Fwp%2Fv2%2Fcomments&post=2033"}],"version-history":[{"count":5,"href":"https:\/\/www.laltroscatto.it\/index.php?rest_route=\/wp\/v2\/posts\/2033\/revisions"}],"predecessor-version":[{"id":2051,"href":"https:\/\/www.laltroscatto.it\/index.php?rest_route=\/wp\/v2\/posts\/2033\/revisions\/2051"}],"wp:attachment":[{"href":"https:\/\/www.laltroscatto.it\/index.php?rest_route=%2Fwp%2Fv2%2Fmedia&parent=2033"}],"wp:term":[{"taxonomy":"category","embeddable":true,"href":"https:\/\/www.laltroscatto.it\/index.php?rest_route=%2Fwp%2Fv2%2Fcategories&post=2033"},{"taxonomy":"post_tag","embeddable":true,"href":"https:\/\/www.laltroscatto.it\/index.php?rest_route=%2Fwp%2Fv2%2Ftags&post=2033"}],"curies":[{"name":"wp","href":"https:\/\/api.w.org\/{rel}","templated":true}]}}